{"id":9979,"date":"2018-04-06T14:12:11","date_gmt":"2018-04-06T13:12:11","guid":{"rendered":"http:\/\/www.aspacam.org\/?p=9979"},"modified":"2018-04-06T14:13:06","modified_gmt":"2018-04-06T13:13:06","slug":"journee-peche-en-mer","status":"publish","type":"post","link":"http:\/\/www.aspacam.org\/?p=9979","title":{"rendered":"Journ\u00e9e P\u00eache en mer \u00e0 Palavas"},"content":{"rendered":"<p><img decoding=\"async\" loading=\"lazy\" class=\"alignright size-large wp-image-9968\" src=\"http:\/\/www.aspacam.org\/wp-content\/uploads\/2016\/03\/1053303_566201053431141_630279078_o-1024x771.jpg\" alt=\"\" width=\"604\" height=\"455\" srcset=\"http:\/\/www.aspacam.org\/wp-content\/uploads\/2016\/03\/1053303_566201053431141_630279078_o-1024x771.jpg 1024w, http:\/\/www.aspacam.org\/wp-content\/uploads\/2016\/03\/1053303_566201053431141_630279078_o-300x226.jpg 300w, http:\/\/www.aspacam.org\/wp-content\/uploads\/2016\/03\/1053303_566201053431141_630279078_o-768x578.jpg 768w, http:\/\/www.aspacam.org\/wp-content\/uploads\/2016\/03\/1053303_566201053431141_630279078_o-600x451.jpg 600w, http:\/\/www.aspacam.org\/wp-content\/uploads\/2016\/03\/1053303_566201053431141_630279078_o-1320x993.jpg 1320w, http:\/\/www.aspacam.org\/wp-content\/uploads\/2016\/03\/1053303_566201053431141_630279078_o.jpg 2048w\" sizes=\"(max-width: 604px) 100vw, 604px\" \/><\/p>\n<p><img decoding=\"async\" loading=\"lazy\" class=\"wp-image-9980 alignleft\" src=\"http:\/\/www.aspacam.org\/wp-content\/uploads\/2018\/04\/Logo-CLAS-SE.jpeg\" alt=\"\" width=\"212\" height=\"246\" srcset=\"http:\/\/www.aspacam.org\/wp-content\/uploads\/2018\/04\/Logo-CLAS-SE.jpeg 566w, http:\/\/www.aspacam.org\/wp-content\/uploads\/2018\/04\/Logo-CLAS-SE-258x300.jpeg 258w\" sizes=\"(max-width: 212px) 100vw, 212px\" \/><\/p>\n<p>&nbsp;<\/p>\n<p>&nbsp;<\/p>\n<p>&nbsp;<\/p>\n<p>&nbsp;<\/p>\n<p>&nbsp;<\/p>\n<p>&nbsp;<\/p>\n<p>&nbsp;<\/p>\n<p>&nbsp;<\/p>\n<p>&nbsp;<\/p>\n<p>&nbsp;<\/p>\n<p>&nbsp;<\/p>\n<p style=\"text-align: center;\"><strong>S<\/strong><strong>ortie organis\u00e9e par l&rsquo;ASPACAM en partenariat avec le CLAS\/SE et \u00e9ligible \u00e0 une subvention de 50%<\/strong><\/p>\n<p style=\"text-align: center;\"><strong>Cette sortie est ouverte \u00e0 tous les membres du\u00a0<\/strong><\/p>\n<p style=\"text-align: center;\"><strong>CLAS\/SE<\/strong><\/p>\n<p>&nbsp;<\/p>\n<p style=\"text-align: center;\"><strong>P\u00eache en mer en\u00a0 matin\u00e9e<\/strong><\/p>\n<p style=\"text-align: center;\"><strong>D\u00e9part: 8h00\u00a0 \u00a0-&gt;<\/strong><strong>\u00a0 Retour\u00a0: 12h00<\/strong><\/p>\n<p style=\"text-align: center;\"><strong>Un casse-cro\u00fbte est fourni le matin ainsi qu\u2019un ap\u00e9ritif \u00e0 11h00<\/strong><\/p>\n<p style=\"text-align: center;\"><strong>\u00a0<\/strong>\u00a0\u00a0\u00a0\u00a0\u00a0\u00a0\u00a0\u00a0\u00a0\u00a0\u00a0\u00a0 Rendez vous sur le\u00a0 Bateau Mika\u00ebl avec l\u2019\u00e9quipage et son Capitaine,\u00a0 moniteurs de p\u00eache dipl\u00f4m\u00e9 d\u2019\u00c9tat (F\u00e9d\u00e9ration\u00a0 Fran\u00e7aise de p\u00eache en mer) pour vous prodiguer tout conseil technique.<\/p>\n<p style=\"text-align: center;\">Les mat\u00e9riels de p\u00eache et app\u00e2ts sont inclus et mis \u00e0 votre disposition \u00e0\u00a0 bord.<\/p>\n<p style=\"text-align: center;\"><u>Embarquement\u00a0<\/u>: 15 min avant le d\u00e9part (canal &#8211; rive gauche)<\/p>\n<p style=\"text-align: center;\">Enfants et accompagnants bienvenus<\/p>\n<p style=\"text-align: center;\"><u>Tarifs <\/u>: P\u00eacheurs : 13\u20ac &#8211;\u00a0Accompagnants : 8\u20ac<\/p>\n<p style=\"text-align: center;\">Minimum 20 participants, maximum 40<\/p>\n<p>&nbsp;<\/p>\n<p style=\"text-align: center;\">Site de la soci\u00e9t\u00e9 :\u00a0<a href=\"http:\/\/www.bateaumikael.com\/peche.html\">http:\/\/www.bateaumikael.com\/peche.html<\/a><\/p>\n","protected":false},"excerpt":{"rendered":"<p>&nbsp; &nbsp; &nbsp; &nbsp; &nbsp; &nbsp; &nbsp; &nbsp; &nbsp; &nbsp; &nbsp; Sortie organis\u00e9e par l&rsquo;ASPACAM en partenariat avec le CLAS\/SE et \u00e9ligible \u00e0 une subvention de 50% Cette sortie est ouverte \u00e0 tous les membres du\u00a0 CLAS\/SE &nbsp; P\u00eache en mer en\u00a0 matin\u00e9e D\u00e9part: 8h00\u00a0 \u00a0-&gt;\u00a0 Retour\u00a0: 12h00 Un casse-cro\u00fbte est fourni le matin ainsi &hellip; <a href=\"http:\/\/www.aspacam.org\/?p=9979\" class=\"more-link\">Continuer la lecture de <span class=\"screen-reader-text\">Journ\u00e9e P\u00eache en mer \u00e0 Palavas<\/span> <span class=\"meta-nav\">&rarr;<\/span><\/a><\/p>\n","protected":false},"author":1,"featured_media":0,"comment_status":"closed","ping_status":"open","sticky":false,"template":"","format":"standard","meta":{"_mi_skip_tracking":false},"categories":[1],"tags":[],"_links":{"self":[{"href":"http:\/\/www.aspacam.org\/index.php?rest_route=\/wp\/v2\/posts\/9979"}],"collection":[{"href":"http:\/\/www.aspacam.org\/index.php?rest_route=\/wp\/v2\/posts"}],"about":[{"href":"http:\/\/www.aspacam.org\/index.php?rest_route=\/wp\/v2\/types\/post"}],"author":[{"embeddable":true,"href":"http:\/\/www.aspacam.org\/index.php?rest_route=\/wp\/v2\/users\/1"}],"replies":[{"embeddable":true,"href":"http:\/\/www.aspacam.org\/index.php?rest_route=%2Fwp%2Fv2%2Fcomments&post=9979"}],"version-history":[{"count":3,"href":"http:\/\/www.aspacam.org\/index.php?rest_route=\/wp\/v2\/posts\/9979\/revisions"}],"predecessor-version":[{"id":9983,"href":"http:\/\/www.aspacam.org\/index.php?rest_route=\/wp\/v2\/posts\/9979\/revisions\/9983"}],"wp:attachment":[{"href":"http:\/\/www.aspacam.org\/index.php?rest_route=%2Fwp%2Fv2%2Fmedia&parent=9979"}],"wp:term":[{"taxonomy":"category","embeddable":true,"href":"http:\/\/www.aspacam.org\/index.php?rest_route=%2Fwp%2Fv2%2Fcategories&post=9979"},{"taxonomy":"post_tag","embeddable":true,"href":"http:\/\/www.aspacam.org\/index.php?rest_route=%2Fwp%2Fv2%2Ftags&post=9979"}],"curies":[{"name":"wp","href":"https:\/\/api.w.org\/{rel}","templated":true}]}}