{"id":9929,"date":"2018-03-09T14:40:13","date_gmt":"2018-03-09T13:40:13","guid":{"rendered":"http:\/\/www.aspacam.org\/?p=9929"},"modified":"2018-03-09T14:40:13","modified_gmt":"2018-03-09T13:40:13","slug":"formulaire-dadhesion-et-prelevement-sepa-de-la-cotisation-annuelle","status":"publish","type":"post","link":"http:\/\/www.aspacam.org\/?p=9929","title":{"rendered":"Formulaire d&rsquo;adh\u00e9sion et pr\u00e9l\u00e8vement SEPA de la cotisation annuelle"},"content":{"rendered":"<p style=\"text-align: center;\"><a href=\"http:\/\/www.aspacam.org\/wp-content\/uploads\/2018\/03\/adhesion.jpeg\"><img decoding=\"async\" loading=\"lazy\" class=\"size-large wp-image-9930 aligncenter\" src=\"http:\/\/www.aspacam.org\/wp-content\/uploads\/2018\/03\/adhesion-1024x627.jpeg\" alt=\"\" width=\"604\" height=\"370\" srcset=\"http:\/\/www.aspacam.org\/wp-content\/uploads\/2018\/03\/adhesion-1024x627.jpeg 1024w, http:\/\/www.aspacam.org\/wp-content\/uploads\/2018\/03\/adhesion-300x184.jpeg 300w, http:\/\/www.aspacam.org\/wp-content\/uploads\/2018\/03\/adhesion-768x470.jpeg 768w, http:\/\/www.aspacam.org\/wp-content\/uploads\/2018\/03\/adhesion-600x367.jpeg 600w, http:\/\/www.aspacam.org\/wp-content\/uploads\/2018\/03\/adhesion.jpeg 1830w\" sizes=\"(max-width: 604px) 100vw, 604px\" \/><\/a>Suite \u00e0 la derni\u00e8re Assembl\u00e9e G\u00e9n\u00e9rale, l&rsquo;ASPACAM propose d\u00e9sormais le pr\u00e9l\u00e8vement automatique de la cotisation annuelle.<\/p>\n<p style=\"text-align: center;\">Fix\u00e9e \u00e0 23\u20ac pour les (ex)agents DGAC et M\u00e9t\u00e9o France, cette cotisation pourra \u00eatre pr\u00e9lev\u00e9e chaque ann\u00e9e \u00e0 date anniversaire sur le compte bancaire indiqu\u00e9.<\/p>\n<p style=\"text-align: center;\">Cela permettra de r\u00e9duire le nombre de ch\u00e8ques \u00e0 traiter par les tr\u00e9soriers, et aux adh\u00e9rents de ne plus se soucier de savoir s&rsquo;ils sont \u00e0 jour de leur cotisation ou pas lors de la participation \u00e0 une activit\u00e9, de la location de la salle ou du camion.<\/p>\n<p style=\"text-align: center;\">Les autres participations demand\u00e9es par l&rsquo;ASPACAM ( licenses, locations, cotisations suppl\u00e9mentaires, &#8230; ) seront toujours pas payer de mani\u00e8re traditionnelle sauf demande sp\u00e9cifique.<\/p>\n<p style=\"text-align: center;\">Ce <a href=\"http:\/\/www.aspacam.org\/wp-content\/uploads\/2018\/03\/Adhe\u0301sion-et-pre\u0301le\u0300vement-ASPACAM.pdf\">Formulaire d&rsquo;adh\u00e9sion<\/a>\u00a0a \u00e9galement pour but de mettre \u00e0 jour la liste des adh\u00e9rents et surtout la liste des emails pour la diffusion des informations de l&rsquo;association.<\/p>\n<p style=\"text-align: center;\">N&rsquo;h\u00e9sitez pas \u00e0 <a href=\"mailto:bureau@aspacam.org\">contacter le bureau<\/a> pour toute question ou suggestion d&rsquo;am\u00e9lioration.<\/p>\n<p>&nbsp;<\/p>\n","protected":false},"excerpt":{"rendered":"<p>Suite \u00e0 la derni\u00e8re Assembl\u00e9e G\u00e9n\u00e9rale, l&rsquo;ASPACAM propose d\u00e9sormais le pr\u00e9l\u00e8vement automatique de la cotisation annuelle. Fix\u00e9e \u00e0 23\u20ac pour les (ex)agents DGAC et M\u00e9t\u00e9o France, cette cotisation pourra \u00eatre pr\u00e9lev\u00e9e chaque ann\u00e9e \u00e0 date anniversaire sur le compte bancaire indiqu\u00e9. Cela permettra de r\u00e9duire le nombre de ch\u00e8ques \u00e0 traiter par les tr\u00e9soriers, et &hellip; <a href=\"http:\/\/www.aspacam.org\/?p=9929\" class=\"more-link\">Continuer la lecture de <span class=\"screen-reader-text\">Formulaire d&rsquo;adh\u00e9sion et pr\u00e9l\u00e8vement SEPA de la cotisation annuelle<\/span> <span class=\"meta-nav\">&rarr;<\/span><\/a><\/p>\n","protected":false},"author":1,"featured_media":0,"comment_status":"closed","ping_status":"open","sticky":false,"template":"","format":"standard","meta":{"_mi_skip_tracking":false},"categories":[1],"tags":[],"_links":{"self":[{"href":"http:\/\/www.aspacam.org\/index.php?rest_route=\/wp\/v2\/posts\/9929"}],"collection":[{"href":"http:\/\/www.aspacam.org\/index.php?rest_route=\/wp\/v2\/posts"}],"about":[{"href":"http:\/\/www.aspacam.org\/index.php?rest_route=\/wp\/v2\/types\/post"}],"author":[{"embeddable":true,"href":"http:\/\/www.aspacam.org\/index.php?rest_route=\/wp\/v2\/users\/1"}],"replies":[{"embeddable":true,"href":"http:\/\/www.aspacam.org\/index.php?rest_route=%2Fwp%2Fv2%2Fcomments&post=9929"}],"version-history":[{"count":1,"href":"http:\/\/www.aspacam.org\/index.php?rest_route=\/wp\/v2\/posts\/9929\/revisions"}],"predecessor-version":[{"id":9931,"href":"http:\/\/www.aspacam.org\/index.php?rest_route=\/wp\/v2\/posts\/9929\/revisions\/9931"}],"wp:attachment":[{"href":"http:\/\/www.aspacam.org\/index.php?rest_route=%2Fwp%2Fv2%2Fmedia&parent=9929"}],"wp:term":[{"taxonomy":"category","embeddable":true,"href":"http:\/\/www.aspacam.org\/index.php?rest_route=%2Fwp%2Fv2%2Fcategories&post=9929"},{"taxonomy":"post_tag","embeddable":true,"href":"http:\/\/www.aspacam.org\/index.php?rest_route=%2Fwp%2Fv2%2Ftags&post=9929"}],"curies":[{"name":"wp","href":"https:\/\/api.w.org\/{rel}","templated":true}]}}