{"id":740,"date":"2016-04-04T17:24:01","date_gmt":"2016-04-04T16:24:01","guid":{"rendered":"http:\/\/www.aspacam.org\/?p=740"},"modified":"2016-05-12T13:19:01","modified_gmt":"2016-05-12T12:19:01","slug":"2-journees-initiation-brassage-de-la-biere","status":"publish","type":"post","link":"http:\/\/www.aspacam.org\/?p=740","title":{"rendered":"2 Journ\u00e9es initiation brassage de la bi\u00e8re 16 &#038; 29 avril 2016"},"content":{"rendered":"<p><a href=\"http:\/\/www.aspacam.org\/wp-content\/uploads\/2016\/04\/image1-copie.jpg\"><img decoding=\"async\" loading=\"lazy\" class=\"alignleft size-thumbnail wp-image-806\" src=\"http:\/\/www.aspacam.org\/wp-content\/uploads\/2016\/04\/image1-copie-150x150.jpg\" alt=\"image1 - copie\" width=\"150\" height=\"150\" \/><\/a><br \/>\nQuelques petites photos de la 2\u00e8me journ\u00e9e organis\u00e9e. LA 1\u00e8re fut annul\u00e9e faute de participants.<\/p>\n<p>&nbsp;<\/p>\n<p>&nbsp;<\/p>\n<p><a href=\"http:\/\/www.aspacam.org\/wp-content\/uploads\/2016\/04\/image5.jpg\"><img decoding=\"async\" loading=\"lazy\" class=\"alignleft size-thumbnail wp-image-813\" src=\"http:\/\/www.aspacam.org\/wp-content\/uploads\/2016\/04\/image5-150x150.jpg\" alt=\"image5\" width=\"150\" height=\"150\" \/><\/a><\/p>\n<p>&nbsp;<\/p>\n<p>&nbsp;<\/p>\n<p>&nbsp;<\/p>\n<p><a href=\"http:\/\/www.aspacam.org\/wp-content\/uploads\/2016\/04\/image4.jpg\"><img decoding=\"async\" loading=\"lazy\" class=\"size-thumbnail wp-image-812 alignleft\" src=\"http:\/\/www.aspacam.org\/wp-content\/uploads\/2016\/04\/image4-150x150.jpg\" alt=\"image4\" width=\"150\" height=\"150\" \/><\/a><\/p>\n<p>&nbsp;<\/p>\n<p>&nbsp;<\/p>\n<p>&nbsp;<\/p>\n<p>&nbsp;<\/p>\n<p><a href=\"http:\/\/www.aspacam.org\/wp-content\/uploads\/2016\/04\/image3.jpg\"><img decoding=\"async\" loading=\"lazy\" class=\"size-thumbnail wp-image-811 alignleft\" src=\"http:\/\/www.aspacam.org\/wp-content\/uploads\/2016\/04\/image3-150x150.jpg\" alt=\"image3\" width=\"150\" height=\"150\" \/><\/a><\/p>\n<p>&nbsp;<\/p>\n<p>&nbsp;<\/p>\n<p>&nbsp;<\/p>\n<p>&nbsp;<\/p>\n<p><a href=\"http:\/\/www.aspacam.org\/wp-content\/uploads\/2016\/04\/image3-copie.jpg\"><img decoding=\"async\" loading=\"lazy\" class=\"alignleft size-thumbnail wp-image-809\" src=\"http:\/\/www.aspacam.org\/wp-content\/uploads\/2016\/04\/image3-copie-150x150.jpg\" alt=\"image3 - copie\" width=\"150\" height=\"150\" \/><\/a><\/p>\n<p>&nbsp;<\/p>\n<p>&nbsp;<\/p>\n<p>&nbsp;<\/p>\n<p>&nbsp;<\/p>\n<p><a href=\"http:\/\/www.aspacam.org\/wp-content\/uploads\/2016\/04\/image2.jpg\"><img decoding=\"async\" loading=\"lazy\" class=\"alignleft size-thumbnail wp-image-808\" src=\"http:\/\/www.aspacam.org\/wp-content\/uploads\/2016\/04\/image2-150x150.jpg\" alt=\"image2\" width=\"150\" height=\"150\" \/><\/a>`<\/p>\n<p>&nbsp;<\/p>\n<p>&nbsp;<\/p>\n<p>&nbsp;<\/p>\n<p><a href=\"http:\/\/www.aspacam.org\/wp-content\/uploads\/2016\/04\/image2-copie.jpg\"><img decoding=\"async\" loading=\"lazy\" class=\"alignleft size-thumbnail wp-image-807\" src=\"http:\/\/www.aspacam.org\/wp-content\/uploads\/2016\/04\/image2-copie-150x150.jpg\" alt=\"image2 - copie\" width=\"150\" height=\"150\" \/><\/a><\/p>\n<p><a href=\"http:\/\/www.aspacam.org\/wp-content\/uploads\/2016\/04\/JOURNEE-INITIATION-2016-ASPACAM.jpg\" rel=\"attachment wp-att-741\"><img decoding=\"async\" loading=\"lazy\" class=\"aligncenter wp-image-741 size-large\" src=\"http:\/\/www.aspacam.org\/wp-content\/uploads\/2016\/04\/JOURNEE-INITIATION-2016-ASPACAM-724x1024.jpg\" alt=\"JOURNEE INITIATION 2016 ASPACAM\" width=\"604\" height=\"854\" srcset=\"http:\/\/www.aspacam.org\/wp-content\/uploads\/2016\/04\/JOURNEE-INITIATION-2016-ASPACAM-724x1024.jpg 724w, http:\/\/www.aspacam.org\/wp-content\/uploads\/2016\/04\/JOURNEE-INITIATION-2016-ASPACAM-212x300.jpg 212w, http:\/\/www.aspacam.org\/wp-content\/uploads\/2016\/04\/JOURNEE-INITIATION-2016-ASPACAM-768x1086.jpg 768w, http:\/\/www.aspacam.org\/wp-content\/uploads\/2016\/04\/JOURNEE-INITIATION-2016-ASPACAM-600x848.jpg 600w, http:\/\/www.aspacam.org\/wp-content\/uploads\/2016\/04\/JOURNEE-INITIATION-2016-ASPACAM.jpg 1240w\" sizes=\"(max-width: 604px) 100vw, 604px\" \/><\/a><\/p>\n","protected":false},"excerpt":{"rendered":"<p>Quelques petites photos de la 2\u00e8me journ\u00e9e organis\u00e9e. LA 1\u00e8re fut annul\u00e9e faute de participants. &nbsp; &nbsp; &nbsp; &nbsp; &nbsp; &nbsp; &nbsp; &nbsp; &nbsp; &nbsp; &nbsp; &nbsp; &nbsp; &nbsp; &nbsp; &nbsp; &nbsp; ` &nbsp; &nbsp; &nbsp;<\/p>\n","protected":false},"author":1,"featured_media":0,"comment_status":"closed","ping_status":"open","sticky":false,"template":"","format":"standard","meta":{"_mi_skip_tracking":false},"categories":[1],"tags":[],"_links":{"self":[{"href":"http:\/\/www.aspacam.org\/index.php?rest_route=\/wp\/v2\/posts\/740"}],"collection":[{"href":"http:\/\/www.aspacam.org\/index.php?rest_route=\/wp\/v2\/posts"}],"about":[{"href":"http:\/\/www.aspacam.org\/index.php?rest_route=\/wp\/v2\/types\/post"}],"author":[{"embeddable":true,"href":"http:\/\/www.aspacam.org\/index.php?rest_route=\/wp\/v2\/users\/1"}],"replies":[{"embeddable":true,"href":"http:\/\/www.aspacam.org\/index.php?rest_route=%2Fwp%2Fv2%2Fcomments&post=740"}],"version-history":[{"count":7,"href":"http:\/\/www.aspacam.org\/index.php?rest_route=\/wp\/v2\/posts\/740\/revisions"}],"predecessor-version":[{"id":815,"href":"http:\/\/www.aspacam.org\/index.php?rest_route=\/wp\/v2\/posts\/740\/revisions\/815"}],"wp:attachment":[{"href":"http:\/\/www.aspacam.org\/index.php?rest_route=%2Fwp%2Fv2%2Fmedia&parent=740"}],"wp:term":[{"taxonomy":"category","embeddable":true,"href":"http:\/\/www.aspacam.org\/index.php?rest_route=%2Fwp%2Fv2%2Fcategories&post=740"},{"taxonomy":"post_tag","embeddable":true,"href":"http:\/\/www.aspacam.org\/index.php?rest_route=%2Fwp%2Fv2%2Ftags&post=740"}],"curies":[{"name":"wp","href":"https:\/\/api.w.org\/{rel}","templated":true}]}}